{"id":318,"date":"2024-11-08T16:43:21","date_gmt":"2024-11-08T16:43:21","guid":{"rendered":"https:\/\/drkoraygursoy.com\/?p=318"},"modified":"2024-11-08T16:43:48","modified_gmt":"2024-11-08T16:43:48","slug":"otoplasti-kepce-kulak-ameliyati","status":"publish","type":"post","link":"https:\/\/drkoraygursoy.com\/ru\/otoplasti-kepce-kulak-ameliyati\/","title":{"rendered":"\u041e\u0442\u043e\u043f\u043b\u0430\u0441\u0442\u0438\u043a\u0430 (\u043e\u043f\u0435\u0440\u0430\u0446\u0438\u044f \u043d\u0430 \u0443\u0448\u043d\u043e\u0439 \u0440\u0430\u043a\u043e\u0432\u0438\u043d\u0435)"},"content":{"rendered":"<p style=\"text-align: center;\">Kep\u00e7e kulak sorunu, genellikle do\u011fu\u015ftan gelen estetik bir problemdir. Kep\u00e7e kulak ameliyat\u0131, kula\u011f\u0131n ba\u015fa olan uzakl\u0131\u011f\u0131n\u0131 azaltmak ve kula\u011f\u0131n do\u011fal bir a\u00e7\u0131ya sahip olmas\u0131n\u0131 sa\u011flamak amac\u0131yla yap\u0131lan cerrahi bir i\u015flemdir. Bu cerrahi i\u015flemle kulaklar, kafa yap\u0131s\u0131na daha yak\u0131n bir a\u00e7\u0131ya getirilir ve simetrik bir g\u00f6r\u00fcn\u00fcm sa\u011flan\u0131r. Ameliyat sonras\u0131nda hasta k\u0131sa s\u00fcreli (1-2 g\u00fcn) bandaj kullanarak g\u00fcnl\u00fck hayat\u0131na h\u0131zla d\u00f6nebilir. Genellikle estetik ama\u00e7l\u0131 tercih edilmekle birlikte, baz\u0131 hastalarda \u00f6zg\u00fcveni art\u0131rmak ve sosyal ya\u015famda rahatl\u0131k sa\u011flamak i\u00e7in de yap\u0131l\u0131r.<\/p>\n<p style=\"text-align: center;\">Ameliyat \u00f6ncesi hastan\u0131n kulak yap\u0131s\u0131, deformasyon derecesi ve estetik beklentileri detayl\u0131 bir \u015fekilde de\u011ferlendirmelidir. \u00c7ocuklar i\u00e7in bu ameliyat genellikle 5-6 ya\u015f\u0131ndan itibaren \u00f6nerilir, \u00e7\u00fcnk\u00fc kulak geli\u015fimi bu ya\u015flarda tamamlanm\u0131\u015f olur. Yeti\u015fkinler i\u00e7in ise ya\u015f s\u0131n\u0131r\u0131 olmaks\u0131z\u0131n uygulanabilir.<\/p>\n<p style=\"text-align: center;\"><strong>\u0412\u044b\u0431\u043e\u0440 \u0430\u043d\u0435\u0441\u0442\u0435\u0437\u0438\u0438:<\/strong> \u00c7ocuk hastalarda genel anestezi tercih edilirken, yeti\u015fkinlerde genellikle lokal anestezi yeterli olur. Lokal anestezi alt\u0131nda yap\u0131lan ameliyatlarda hasta uyan\u0131k oldu\u011fu i\u00e7in ameliyat s\u0131ras\u0131nda herhangi bir rahats\u0131zl\u0131k hissetmez.<\/p>\n<p style=\"text-align: center;\"><strong>\u0425\u0438\u0440\u0443\u0440\u0433\u0438\u0447\u0435\u0441\u043a\u0438\u0435 \u043c\u0435\u0442\u043e\u0434\u044b:<\/strong><\/p>\n<p style=\"text-align: center;\"><strong>K\u0131k\u0131rdak \u015eekillendirme:<\/strong> Kep\u00e7e kulak ameliyat\u0131nda en s\u0131k uygulanan y\u00f6ntemlerden biri k\u0131k\u0131rda\u011f\u0131n \u015fekillendirilmesidir. Bu y\u00f6ntemde, kula\u011f\u0131n arkas\u0131ndan yap\u0131lan k\u00fc\u00e7\u00fck bir kesi ile k\u0131k\u0131rdak yap\u0131s\u0131 zay\u0131flat\u0131l\u0131r ve \u015fekillendirilir. Ard\u0131ndan, kula\u011f\u0131n ba\u015fa daha yak\u0131n durmas\u0131 i\u00e7in i\u00e7e do\u011fru k\u0131vr\u0131lmas\u0131 sa\u011flan\u0131r.<\/p>\n<p style=\"text-align: center;\"><strong>Diki\u015fle Sabitleme:<\/strong> Daha \u00e7ok tercih edilen bu y\u00f6ntemde kulak arkas\u0131ndaki 4-5 mm lik k\u00fc\u00e7\u00fck kesilerden, k\u0131k\u0131rdak yap\u0131s\u0131n\u0131n \u015fekillendirilmesine gerek kalmadan erimeyen diki\u015flerle kulak arkaya do\u011fru yakla\u015ft\u0131r\u0131labilir. Bu teknik, daha hafif deformasyonlarda tercih edilir ve iyile\u015fme s\u00fcresi daha k\u0131sad\u0131r.<\/p>\n<p style=\"text-align: center;\"><strong>\u041f\u0440\u043e\u0434\u043e\u043b\u0436\u0438\u0442\u0435\u043b\u044c\u043d\u043e\u0441\u0442\u044c \u043e\u043f\u0435\u0440\u0430\u0446\u0438\u0438:<\/strong> Kep\u00e7e kulak ameliyat\u0131 genellikle 1 ila 2 saat aras\u0131nda s\u00fcrer. Ameliyat s\u00fcresi, kullan\u0131lan tekni\u011fe ve her iki kula\u011f\u0131n da d\u00fczeltilip d\u00fczeltilmedi\u011fine ba\u011fl\u0131 olarak de\u011fi\u015fiklik g\u00f6sterebilir.<\/p>\n<p style=\"text-align: center;\"><strong>Diki\u015fler ve \u0130zler:<\/strong> Ameliyat kesisi kula\u011f\u0131n arkas\u0131nda yap\u0131ld\u0131\u011f\u0131ndan, iyile\u015fme s\u00fcreci tamamland\u0131\u011f\u0131nda d\u0131\u015far\u0131dan fark edilir bir iz kalmaz. Cilt i\u00e7in kullan\u0131lan diki\u015fler genellikle kendili\u011finden eriyen yap\u0131da olur.<\/p>\n<p style=\"text-align: center;\">Kep\u00e7e kulak ameliyat\u0131 sonras\u0131 iyile\u015fme s\u00fcreci, kullan\u0131lan tekni\u011fe ve hastan\u0131n iyile\u015fme h\u0131z\u0131na g\u00f6re de\u011fi\u015febilir. Genel olarak iyile\u015fme s\u00fcreci \u015fu \u015fekildedir:<\/p>\n<p style=\"text-align: center;\"><strong>\u041f\u0435\u0440\u0432\u044b\u0435 48 \u0447\u0430\u0441\u043e\u0432:<\/strong> Ameliyat sonras\u0131nda kulaklarda hafif bir \u015fi\u015flik ve k\u0131zar\u0131kl\u0131k olabilir. \u0130lk iki g\u00fcn boyunca ba\u015f\u0131 y\u00fcksekte tutarak dinlenmek ve olas\u0131 \u015fi\u015flikleri azaltmak i\u00e7in so\u011fuk kompres uygulamak faydal\u0131 olacakt\u0131r. Ayr\u0131ca, a\u011fr\u0131 hissi olu\u015fursa doktorun \u00f6nerdi\u011fi a\u011fr\u0131 kesicilerle bu durum kontrol alt\u0131na al\u0131nabilir. \u0130lk 2-3 g\u00fcn boyunca kulaklar\u0131 korumak i\u00e7in \u00f6zel bir bandaj veya koruyucu bant kullan\u0131l\u0131r. Bu bant, kulaklar\u0131n istenen pozisyonda kalmas\u0131na ve enfeksiyon riskinin azalmas\u0131na yard\u0131mc\u0131 olur. \u0130lk 3 hafta boyunca uyurken bandaj kullan\u0131m\u0131 \u00f6nemlidir, \u00e7\u00fcnk\u00fc kulaklar\u0131n sabit kalmas\u0131 gerekir.<\/p>\n<p style=\"text-align: center;\">Hastalar ilk haftadan sonra hasta g\u00fcnl\u00fck aktivitelerine d\u00f6nebilir; ancak fiziksel olarak kula\u011fa bask\u0131 yapabilecek hareketlerden ka\u00e7\u0131n\u0131lmal\u0131d\u0131r. \u0130lk ay i\u00e7inde \u00f6zellikle \u00e7ocuk hastalar, kulaklar\u0131n\u0131 \u00e7arpabilecek veya \u00e7ekebilecek oyunlardan uzak durmal\u0131d\u0131r. Ayr\u0131ca, kula\u011f\u0131 etkileyebilecek a\u011f\u0131r fiziksel aktivitelerden ve spor yapmaktan ka\u00e7\u0131n\u0131lmal\u0131d\u0131r.<\/p>\n<p style=\"text-align: center;\">Tam iyile\u015fme s\u00fcreci genellikle birka\u00e7 ay\u0131 bulabilir. Bu s\u00fcrede kulaklar hassas olabilir, ancak yakla\u015f\u0131k 6-8 hafta i\u00e7inde kulaklar do\u011fal bir g\u00f6r\u00fcn\u00fcm al\u0131r ve ameliyat\u0131n kal\u0131c\u0131 sonu\u00e7lar\u0131 ortaya \u00e7\u0131kar. Ameliyat sonras\u0131nda elde edilen sonu\u00e7lar genellikle kal\u0131c\u0131d\u0131r ve tekrar ameliyat gereksinimi duyulmaz.<\/p>\n<p style=\"text-align: center;\"><strong>\u041f\u0440\u043e\u0432\u0435\u0440\u043a\u0438 \u0438 \u043f\u043e\u0441\u043b\u0435\u0434\u0443\u044e\u0449\u0438\u0435 \u0434\u0435\u0439\u0441\u0442\u0432\u0438\u044f:<\/strong> \u0130lk hafta, birinci ay ve \u00fc\u00e7\u00fcnc\u00fc ay gibi belirli periyotlarda takip kontrolleri yap\u0131lmal\u0131d\u0131r. Bu kontroller, iyile\u015fme s\u00fcrecinin sa\u011fl\u0131kl\u0131 bir \u015fekilde tamamlanmas\u0131n\u0131 ve olas\u0131 komplikasyonlar\u0131n erken tespit edilmesini sa\u011flar.<\/p>","protected":false},"excerpt":{"rendered":"<p>Kep\u00e7e kulak sorunu, genellikle do\u011fu\u015ftan gelen estetik bir problemdir. Kep\u00e7e kulak ameliyat\u0131, kula\u011f\u0131n ba\u015fa olan uzakl\u0131\u011f\u0131n\u0131 azaltmak ve kula\u011f\u0131n do\u011fal bir a\u00e7\u0131ya sahip olmas\u0131n\u0131 sa\u011flamak amac\u0131yla yap\u0131lan cerrahi bir i\u015flemdir. Bu cerrahi i\u015flemle kulaklar, kafa yap\u0131s\u0131na daha yak\u0131n bir a\u00e7\u0131ya getirilir ve simetrik bir g\u00f6r\u00fcn\u00fcm sa\u011flan\u0131r. Ameliyat sonras\u0131nda hasta k\u0131sa s\u00fcreli (1-2 g\u00fcn) bandaj kullanarak [&hellip;]<\/p>","protected":false},"author":1,"featured_media":320,"comment_status":"closed","ping_status":"closed","sticky":false,"template":"","format":"standard","meta":{"_acf_changed":false,"footnotes":""},"categories":[11],"tags":[],"class_list":["post-318","post","type-post","status-publish","format-standard","has-post-thumbnail","hentry","category-yuz-bolgesi-estetigi"],"acf":[],"_links":{"self":[{"href":"https:\/\/drkoraygursoy.com\/ru\/wp-json\/wp\/v2\/posts\/318","targetHints":{"allow":["GET"]}}],"collection":[{"href":"https:\/\/drkoraygursoy.com\/ru\/wp-json\/wp\/v2\/posts"}],"about":[{"href":"https:\/\/drkoraygursoy.com\/ru\/wp-json\/wp\/v2\/types\/post"}],"author":[{"embeddable":true,"href":"https:\/\/drkoraygursoy.com\/ru\/wp-json\/wp\/v2\/users\/1"}],"replies":[{"embeddable":true,"href":"https:\/\/drkoraygursoy.com\/ru\/wp-json\/wp\/v2\/comments?post=318"}],"version-history":[{"count":0,"href":"https:\/\/drkoraygursoy.com\/ru\/wp-json\/wp\/v2\/posts\/318\/revisions"}],"wp:featuredmedia":[{"embeddable":true,"href":"https:\/\/drkoraygursoy.com\/ru\/wp-json\/wp\/v2\/media\/320"}],"wp:attachment":[{"href":"https:\/\/drkoraygursoy.com\/ru\/wp-json\/wp\/v2\/media?parent=318"}],"wp:term":[{"taxonomy":"category","embeddable":true,"href":"https:\/\/drkoraygursoy.com\/ru\/wp-json\/wp\/v2\/categories?post=318"},{"taxonomy":"post_tag","embeddable":true,"href":"https:\/\/drkoraygursoy.com\/ru\/wp-json\/wp\/v2\/tags?post=318"}],"curies":[{"name":"wp","href":"https:\/\/api.w.org\/{rel}","templated":true}]}}