{"id":300,"date":"2024-11-08T16:31:50","date_gmt":"2024-11-08T16:31:50","guid":{"rendered":"https:\/\/drkoraygursoy.com\/?p=300"},"modified":"2024-11-08T16:31:50","modified_gmt":"2024-11-08T16:31:50","slug":"blefaroplasti-goz-kapagi-estetigi","status":"publish","type":"post","link":"https:\/\/drkoraygursoy.com\/ru\/blefaroplasti-goz-kapagi-estetigi\/","title":{"rendered":"\u0411\u043b\u0435\u0444\u0430\u0440\u043e\u043f\u043b\u0430\u0441\u0442\u0438\u043a\u0430 (\u044d\u0441\u0442\u0435\u0442\u0438\u043a\u0430 \u0432\u0435\u043a)"},"content":{"rendered":"<p style=\"text-align: center;\">Alt ve \u00fcst g\u00f6z kapaklar\u0131ndaki sarkmalar ve deri fazlal\u0131klar\u0131, ya\u015flanma s\u00fcreci ile birlikte estetik ve fonksiyonel sorunlara yol a\u00e7abilir. Bu ameliyatla, fazla deri ve ya\u011f dokusu al\u0131narak g\u00f6z \u00e7evresine daha gen\u00e7 bir g\u00f6r\u00fcn\u00fcm kazand\u0131r\u0131l\u0131r. Bu sayede g\u00f6z kapaklar\u0131ndaki d\u00fc\u015f\u00fckl\u00fck, yorgun g\u00f6r\u00fcn\u00fcm ve g\u00f6rme alan\u0131ndaki daralmalar d\u00fczeltilir<\/p>\n<p style=\"text-align: center;\">Hastan\u0131n g\u00f6z kapa\u011f\u0131 yap\u0131s\u0131, cilt durumu ve estetik beklentileri de\u011ferlendirilmelidir. Hastan\u0131n genel sa\u011fl\u0131k durumu g\u00f6zden ge\u00e7irilmeli ve kanama e\u011filimi veya anesteziye olan uygunlu\u011funu etkileyebilecek fakt\u00f6rler belirlenmelidir. Ayr\u0131ca, g\u00f6z kapa\u011f\u0131 d\u00fc\u015f\u00fckl\u00fc\u011f\u00fcn\u00fcn g\u00f6rme alan\u0131n\u0131 etkileyip etkilemedi\u011fi de tespit edilmelidir.<\/p>\n<p style=\"text-align: center;\"><strong>\u0412\u044b\u0431\u043e\u0440 \u0430\u043d\u0435\u0441\u0442\u0435\u0437\u0438\u0438:<\/strong> Blefaroplasti, \u00e7o\u011funlukla lokal anestezi alt\u0131nda yap\u0131l\u0131r, ancak hastan\u0131n rahatl\u0131\u011f\u0131 i\u00e7in hafif bir sedasyon da uygulanabilir. Baz\u0131 durumlarda, \u00f6zellikle alt g\u00f6z kapa\u011f\u0131 esteti\u011fi yap\u0131lacaksa veya hasta endi\u015feliyse, genel anestezi tercih edilebilir.<\/p>\n<p style=\"text-align: center;\"><strong>\u0425\u0438\u0440\u0443\u0440\u0433\u0438\u0447\u0435\u0441\u043a\u0438\u0435 \u043c\u0435\u0442\u043e\u0434\u044b:<\/strong><\/p>\n<p style=\"text-align: center;\"><strong>\u00dcst G\u00f6z Kapa\u011f\u0131 Blefaroplastisi:<\/strong> \u00dcst g\u00f6z kapa\u011f\u0131ndaki fazla deri, kas ve ya\u011f dokusu, g\u00f6z kapa\u011f\u0131n\u0131n do\u011fal k\u0131vr\u0131m\u0131na uygun bir kesi ile al\u0131n\u0131r. B\u00f6ylece kesi izleri, do\u011fal g\u00f6z kapa\u011f\u0131 \u00e7izgisine gizlenir.<\/p>\n<p style=\"text-align: center;\"><strong>Alt G\u00f6z Kapa\u011f\u0131 Blefaroplastisi:<\/strong> Alt g\u00f6z kapa\u011f\u0131nda torbalanma veya sarkma varsa, fazla ya\u011f dokusu ve deri al\u0131n\u0131r. Kesiler genellikle kirpik \u00e7izgisine yak\u0131n yerle\u015ftirilir, b\u00f6ylece izler minimal olur ve do\u011fal bir g\u00f6r\u00fcn\u00fcm elde edilir.<\/p>\n<p style=\"text-align: center;\"><strong>\u041f\u0440\u043e\u0434\u043e\u043b\u0436\u0438\u0442\u0435\u043b\u044c\u043d\u043e\u0441\u0442\u044c \u043e\u043f\u0435\u0440\u0430\u0446\u0438\u0438:<\/strong> Blefaroplasti genellikle 1 ila 2 saat aras\u0131nda s\u00fcrer. Hem \u00fcst hem de alt g\u00f6z kapa\u011f\u0131na m\u00fcdahale edildi\u011finde s\u00fcre uzayabilir.<\/p>\n<p style=\"text-align: center;\"><strong>Diki\u015fler ve \u0130zler:<\/strong> G\u00f6z kapa\u011f\u0131 esteti\u011finde kullan\u0131lan diki\u015fler, hastan\u0131n sa\u011fl\u0131k durumuna g\u00f6re 3-7 g\u00fcn i\u00e7inde al\u0131n\u0131r. Kesi izleri, g\u00f6z kapaklar\u0131n\u0131n do\u011fal \u00e7izgilerine gizlendi\u011finden, iyile\u015fme sonras\u0131 neredeyse fark edilmez hale gelir.<\/p>\n<p style=\"text-align: center;\"><strong>\u041f\u0440\u043e\u0446\u0435\u0441\u0441 \u0437\u0430\u0436\u0438\u0432\u043b\u0435\u043d\u0438\u044f \u043f\u043e\u0441\u043b\u0435 \u043e\u043f\u0435\u0440\u0430\u0446\u0438\u0438: <\/strong>Blefaroplasti sonras\u0131 iyile\u015fme s\u00fcreci, hastan\u0131n ya\u015f\u0131, cilt yap\u0131s\u0131 ve yap\u0131lan i\u015flemin kapsam\u0131na ba\u011fl\u0131 olarak farkl\u0131l\u0131k g\u00f6sterebilir. Genel iyile\u015fme s\u00fcreci \u015fu \u015fekildedir:<\/p>\n<p style=\"text-align: center;\"><strong>\u041f\u0435\u0440\u0432\u044b\u0435 48 \u0447\u0430\u0441\u043e\u0432:<\/strong> Ameliyat sonras\u0131nda hafif \u015fi\u015flik ve morarma olu\u015fmas\u0131 normaldir. \u015ei\u015fli\u011fi azaltmak i\u00e7in so\u011fuk kompres uygulanmas\u0131 \u00f6nerilir.<\/p>\n<p style=\"text-align: center;\"><strong>\u041f\u0435\u0440\u0432\u0430\u044f \u043d\u0435\u0434\u0435\u043b\u044f:<\/strong> \u0130lk hafta boyunca g\u00f6z \u00e7evresinde belirgin bir hassasiyet olabilir. \u015ei\u015fliklerin b\u00fcy\u00fck bir k\u0131sm\u0131 bu s\u00fcre i\u00e7inde azal\u0131r. Hasta, ilk hafta i\u00e7inde g\u00f6zleri zorlayacak aktivitelerden (uzun s\u00fcre ekran ba\u015f\u0131nda kalmak, kitap okumak gibi) ka\u00e7\u0131nmal\u0131 ve ba\u015f\u0131n\u0131 y\u00fcksekte tutarak dinlenmelidir. Ayr\u0131ca, ilk hafta doktorun \u00f6nerisi do\u011frultusunda, g\u00f6z \u00e7evresine hafif temizlik yap\u0131labilir.<\/p>\n<p style=\"text-align: center;\"><strong>Diki\u015flerin Al\u0131nmas\u0131:<\/strong> Genellikle ameliyattan 3-7 g\u00fcn sonra diki\u015fler al\u0131n\u0131r. Bu i\u015flem a\u011fr\u0131s\u0131zd\u0131r ve hasta i\u00e7in rahatlat\u0131c\u0131 bir s\u00fcre\u00e7tir, \u00e7\u00fcnk\u00fc \u015fi\u015fliklerin daha h\u0131zl\u0131 iyile\u015fmesini sa\u011flar.<\/p>\n<p style=\"text-align: center;\"><strong>\u041f\u0435\u0440\u0432\u044b\u0439 \u043c\u0435\u0441\u044f\u0446:<\/strong> \u0130lk haftan\u0131n ard\u0131ndan hasta g\u00fcnl\u00fck aktivitelerine d\u00f6nmeye ba\u015flayabilir.<\/p>\n<p style=\"text-align: center;\"><strong>Uzun Vadeli \u0130yile\u015fme:<\/strong> Tam iyile\u015fme s\u00fcreci 3-4 ay s\u00fcrebilir. \u0130lk birka\u00e7 ay i\u00e7inde g\u00f6z \u00e7evresindeki ince deri dokusu yava\u015f yava\u015f iyile\u015firken, g\u00f6z kapa\u011f\u0131 esteti\u011fi sonras\u0131 nihai sonu\u00e7lar daha net hale gelir. \u0130zler, \u00e7o\u011funlukla ameliyattan birka\u00e7 ay sonra tamamen belirsiz hale gelir.<\/p>\n<p style=\"text-align: center;\"><strong>\u041f\u0440\u043e\u0432\u0435\u0440\u043a\u0438 \u0438 \u043f\u043e\u0441\u043b\u0435\u0434\u0443\u044e\u0449\u0438\u0435 \u0434\u0435\u0439\u0441\u0442\u0432\u0438\u044f:<\/strong> Ameliyat sonras\u0131 takip kontrolleri, iyile\u015fme s\u00fcrecinin yak\u0131ndan takip edilmesi a\u00e7\u0131s\u0131ndan \u00f6nemlidir. \u00dc\u00e7\u00fcnc\u00fc g\u00fcn, ilk hafta, birinci ay ve \u00fc\u00e7\u00fcnc\u00fc ay gibi periyodik kontroller yap\u0131l\u0131r. Bu kontroller, hastan\u0131n istedi\u011fi estetik sonu\u00e7lara ula\u015fmas\u0131 ve olas\u0131 komplikasyonlar\u0131n \u00f6nlenmesi a\u00e7\u0131s\u0131ndan \u00f6nemlidir.<\/p>\n<p style=\"text-align: center;\">","protected":false},"excerpt":{"rendered":"<p>Alt ve \u00fcst g\u00f6z kapaklar\u0131ndaki sarkmalar ve deri fazlal\u0131klar\u0131, ya\u015flanma s\u00fcreci ile birlikte estetik ve fonksiyonel sorunlara yol a\u00e7abilir. Bu ameliyatla, fazla deri ve ya\u011f dokusu al\u0131narak g\u00f6z \u00e7evresine daha gen\u00e7 bir g\u00f6r\u00fcn\u00fcm kazand\u0131r\u0131l\u0131r. Bu sayede g\u00f6z kapaklar\u0131ndaki d\u00fc\u015f\u00fckl\u00fck, yorgun g\u00f6r\u00fcn\u00fcm ve g\u00f6rme alan\u0131ndaki daralmalar d\u00fczeltilir Hastan\u0131n g\u00f6z kapa\u011f\u0131 yap\u0131s\u0131, cilt durumu ve estetik beklentileri [&hellip;]<\/p>","protected":false},"author":1,"featured_media":301,"comment_status":"closed","ping_status":"closed","sticky":false,"template":"","format":"standard","meta":{"_acf_changed":false,"footnotes":""},"categories":[11],"tags":[],"class_list":["post-300","post","type-post","status-publish","format-standard","has-post-thumbnail","hentry","category-yuz-bolgesi-estetigi"],"acf":[],"_links":{"self":[{"href":"https:\/\/drkoraygursoy.com\/ru\/wp-json\/wp\/v2\/posts\/300","targetHints":{"allow":["GET"]}}],"collection":[{"href":"https:\/\/drkoraygursoy.com\/ru\/wp-json\/wp\/v2\/posts"}],"about":[{"href":"https:\/\/drkoraygursoy.com\/ru\/wp-json\/wp\/v2\/types\/post"}],"author":[{"embeddable":true,"href":"https:\/\/drkoraygursoy.com\/ru\/wp-json\/wp\/v2\/users\/1"}],"replies":[{"embeddable":true,"href":"https:\/\/drkoraygursoy.com\/ru\/wp-json\/wp\/v2\/comments?post=300"}],"version-history":[{"count":0,"href":"https:\/\/drkoraygursoy.com\/ru\/wp-json\/wp\/v2\/posts\/300\/revisions"}],"wp:featuredmedia":[{"embeddable":true,"href":"https:\/\/drkoraygursoy.com\/ru\/wp-json\/wp\/v2\/media\/301"}],"wp:attachment":[{"href":"https:\/\/drkoraygursoy.com\/ru\/wp-json\/wp\/v2\/media?parent=300"}],"wp:term":[{"taxonomy":"category","embeddable":true,"href":"https:\/\/drkoraygursoy.com\/ru\/wp-json\/wp\/v2\/categories?post=300"},{"taxonomy":"post_tag","embeddable":true,"href":"https:\/\/drkoraygursoy.com\/ru\/wp-json\/wp\/v2\/tags?post=300"}],"curies":[{"name":"wp","href":"https:\/\/api.w.org\/{rel}","templated":true}]}}